{"id":8911,"date":"2024-03-25T09:47:39","date_gmt":"2024-03-25T08:47:39","guid":{"rendered":"https:\/\/staging.mobilitas.org\/news\/haute-couture-houses-archives\/"},"modified":"2024-05-17T14:20:29","modified_gmt":"2024-05-17T12:20:29","slug":"archives-maisons-haute-couture","status":"publish","type":"post","link":"https:\/\/staging.mobilitas.org\/fr\/news\/archives-maisons-haute-couture\/","title":{"rendered":"LUXE : l\u2019importance majeure des archives des Maisons de Haute Couture"},"content":{"rendered":"<p>Ce n\u2019est que r\u00e9cemment que les couturiers et cr\u00e9ateurs ont compris l\u2019int\u00e9r\u00eat de sauvegarder leurs archives.<\/p>\n<p>Dior H\u00e9ritage, les services des archives de la\u00a0<a href=\"https:\/\/www.galeriedior.com\/\">Maison Dior<\/a>, \u00e0 titre d\u2019exemple, n\u2019existe que depuis 1987. Ce d\u00e9partement a \u00e9t\u00e9 cr\u00e9\u00e9 \u00e0 la suite d\u2019une exposition organis\u00e9e pour les 40 ans de Dior au\u00a0<a href=\"https:\/\/madparis.fr\/\">Mus\u00e9e des Arts D\u00e9coratifs<\/a>.<\/p>\n<p>Ce changement s\u2019est op\u00e9r\u00e9 gr\u00e2ce au travail des archivistes et historiens de la mode qui ont retrouv\u00e9 et document\u00e9 des anciens mod\u00e8les. Aujourd\u2019hui, leur contribution est devenue essentielle, et les maisons ont pris conscience des nombreuses qualit\u00e9s que pr\u00e9sentent les archives dans leur communication. Elles jouent m\u00eame un r\u00f4le crucial en leur permettant d\u2019accro\u00eetre leur visibilit\u00e9 lorsqu\u2019elles organisent des expositions sur leur patrimoine.<\/p>\n<p>&nbsp;<\/p>\n<h2 class=\"bpost\" style=\"margin-bottom: 0px!important;\">Int\u00e9r\u00eat du public pour l&rsquo;histoire de la mode<\/h2>\n<p><img decoding=\"async\" class=\"wp-image-2637 alignright lazyloaded\" style=\"margin-left: 30px; margin-top: 25px;\" src=\"\/wp-content\/uploads\/2024\/03\/importance-of-luxury-archives.jpg\" alt=\"The Importance of Preserving Luxury Archives for Future Generations\" width=\"375\" height=\"249\" data-src=\"\/wp-content\/uploads\/2024\/03\/importance-of-luxury-archives.jpg\" \/><br \/>\nEn effet, le succ\u00e8s des expositions de mode ou des\u00a0<a href=\"https:\/\/journeesdupatrimoine.culture.gouv.fr\/\">Journ\u00e9es du Patrimoine<\/a>\u00a0d\u00e9montre l\u2019int\u00e9r\u00eat grandissant du public pour l\u2019histoire de la mode et des couturiers. \u00ab\u00a0<em>Cela s\u2019inscrit dans un contexte particulier. Aujourd\u2019hui, la mode est de plus en plus critiqu\u00e9e pour ses d\u00e9rives, sa propension \u00e0 la surconsommation. Mais comprendre son histoire, ses savoir-faire, affirmer le r\u00f4le qu\u2019elle a eu dans l\u2019histoire de la France, cela participe \u00e0 l\u2019inscrire dans la culture du pays et cela int\u00e9resse le grand public<\/em>\u00a0\u00bb, explique Sophie Kurkdjian, historienne de la mode et professeur \u00e0 l\u2019universit\u00e9 am\u00e9ricaine de Paris.\u00a0\u00b9<\/p>\n<p>\u00ab\u00a0<em>Les archives fascinent car elles flirtent avec la m\u00e9moire des consommateurs et permettent \u00e0 tous de p\u00e9n\u00e9trer dans les secrets de fabrication<\/em>\u00a0\u00bb, analysait Nathalie Rozborski, ancienne directrice g\u00e9n\u00e9rale d\u00e9l\u00e9gu\u00e9e de l\u2019agence conseil en innovation et en cr\u00e9ation\u00a0<a href=\"https:\/\/nellyrodi.com\/\">NellyRodi<\/a>, aujourd\u2019hui disparue. L\u2019acc\u00e8s aux archives a un impact qui peut se traduire par un acte d\u2019achat puisque, comme le souligne C\u00f4me R\u00e9my, expert en art d\u00e9coratif du XXe si\u00e8cle et contemporain, ancien responsable du Conservatoire des Cr\u00e9ations\u00a0<a href=\"https:\/\/www.hermes.com\/fr\/fr\/\">Herm\u00e8s<\/a>\u00a0de 1993 \u00e0 1997, \u00ab\u00a0<em>la culture et la compr\u00e9hension donnent une histoire \u00e0 la marque et \u00e0 ses objets qui deviennent plus d\u00e9sirables en m\u00eame temps qu\u2019ils se rapprochent des clients<\/em>\u00a0\u00bb.\u00b2<\/p>\n<p>Les Maisons de Couture ont donc compris l\u2019enjeu de sauvegarder leurs archives. Tout \u00e9l\u00e9ment pouvant \u00eatre reli\u00e9 \u00e0 la marque ou \u00e0 la vie d\u2019un couturier repr\u00e9sente un int\u00e9r\u00eat pour elles.<\/p>\n<p>Le <a href=\"https:\/\/www.lanvin.com\/fr\/\">fonds\u00a0Lanvin<\/a>, par exemple, conserve pr\u00e9cieusement archives papiers et photographiques, fonds textile, parfums et cosm\u00e9tiques, mobiliers d\u2019\u00e9poque.\u00b3<\/p>\n<p>&nbsp;<\/p>\n<h2 class=\"bpost\">Num\u00e9risation du patrimoine pour les g\u00e9n\u00e9rations futures<\/h2>\n<p>Ces archives traduisent un patrimoine unique et irrempla\u00e7able, qui se transmet de g\u00e9n\u00e9ration en g\u00e9n\u00e9ration. Elles jouent un r\u00f4le essentiel dans le d\u00e9veloppement des soci\u00e9t\u00e9s et contribuent \u00e0 la constitution et \u00e0 la sauvegarde de la m\u00e9moire individuelle et collective.\u2074<\/p>\n<p>\u00ab\u00a0<em>\u00c0 chaque fois que j\u2019arrive dans une maison, j\u2019ai besoin de me plonger dans son pass\u00e9, de comprendre ce qu\u2019elle a \u00e9t\u00e9 \u00e0 travers des documents, des images et des mod\u00e8les. Tout cela non pas pour reprendre une forme de manche ou de col de l\u2019\u00e9poque \u2013 les modes passent, il ne faudrait pas l\u2019oublier -, mais pour comprendre la philosophie, apprendre le vocabulaire, les notes et composer une musique d\u2019aujourd\u2019hui.<\/em>\u00a0\u00bb Guillaume Henry, directeur artistique de\u00a0<a href=\"https:\/\/www.patou.com\/fr\">la maison Patou<\/a>.\u2075<\/p>\n<p>En plus de montrer aux employ\u00e9s l\u2019importance du travail des pr\u00e9d\u00e9cesseurs et de retracer l\u2019historique de l\u2019entreprise, les archives permettent de parfaire un discours de vente, tout en renfor\u00e7ant la culture d\u2019entreprise. Elles aident \u00e9galement les cr\u00e9ateurs \u00e0 imaginer leurs collections \u00e0 venir. \u00ab\u00a0<em>C\u2019est une source d\u2019inspiration sans fin et les archives offrent souvent la possibilit\u00e9 de r\u00e9inventer des produits iconiques, des codes de la marque<\/em>\u00a0\u00bb expliquait\u00a0Nathalie Rozborski.<\/p>\n<p>Comprendre profond\u00e9ment l\u2019essence de la marque afin de l\u2019interpr\u00e9ter, la r\u00e9inventer et la moderniser rev\u00eat une importance cruciale \u00e0 l\u2019heure o\u00f9 les directeurs artistiques sont ultra-sollicit\u00e9s tout au long de l\u2019ann\u00e9e.<\/p>\n<p>Interrog\u00e9 sur le sujet par le\u00a0<em>New York Times,\u00a0<\/em>Karl Lagerfeld confiait\u00a0: \u00ab\u00a0<em>Il n\u2019y aurait pas de Chanel sans l\u2019histoire de Chanel. Mais il y a beaucoup de choses que les gens pensent qu\u2019elles existent depuis les d\u00e9buts de la maison alors que c\u2019est moi qui les ai cr\u00e9\u00e9es. Mon travail, c\u2019est de faire en sorte que les gens y croient, il n\u2019y a pas d\u2019autre moyen pour une maison de mode de survivre<\/em>\u00a0\u00bb.\u00b2<\/p>\n<p>&nbsp;<\/p>\n<h2 class=\"bpost\" style=\"margin-bottom: 0px!important;\">Le patrimoine mode, un savoir-faire que l\u2019\u00c9tat souhaite pr\u00e9server.<\/h2>\n<p><img decoding=\"async\" class=\"wp-image-2637 alignright lazyloaded\" style=\"margin-left: 30px; margin-top: 25px;\" src=\"\/wp-content\/uploads\/2024\/03\/dior-heritage-department-archives.jpg\" alt=\"The New Dior Heritage Department's Safeguarding of Collections\" width=\"375\" height=\"249\" data-src=\"\/wp-content\/uploads\/2024\/03\/dior-heritage-department-archives.jpg\" \/><\/p>\n<p>\u00c0 mesure que cet h\u00e9ritage culturel prend de l\u2019ampleur, l\u2019\u00c9tat renforce son engagement en sa faveur.<\/p>\n<p>En 2017, un rapport sur le patrimoine et la mode a \u00e9t\u00e9 remis \u00e0 la ministre de la Culture et de la Communication par Olivier Saillard, alors directeur du\u00a0<a href=\"https:\/\/www.palaisgalliera.paris.fr\/\">Palais Galliera<\/a>. Ce rapport confirme le r\u00f4le majeur de la France et de Paris en mati\u00e8re de cr\u00e9ation de mode et rel\u00e8ve l\u2019implication croissante des maisons de mode dans la pr\u00e9servation de leur patrimoine et les richesses parfois m\u00e9connues des collections des mus\u00e9es en r\u00e9gion. Il souligne n\u00e9anmoins la fragilit\u00e9 de ces collections en raison des disparit\u00e9s de moyens et d\u2019expertise pour restaurer ou entretenir ce patrimoine.<\/p>\n<p>A la suite de ce rapport, plusieurs mesures sont adopt\u00e9es dont la cr\u00e9ation d\u2019un label \u00ab Patrimoine fran\u00e7ais de la mode \u00bb pour souligner l\u2019exemplarit\u00e9 du travail de conservation de ces maisons, ainsi que la cr\u00e9ation d\u2019un fonds mode au Centre national des arts plastiques, avec l\u2019acquisition chaque saison, de cinq pi\u00e8ces de cr\u00e9ateurs dans le but d\u2019organiser des expositions temporaires en France et \u00e0 l\u2019\u00e9tranger, ou d\u2019\u00eatre pr\u00eat\u00e9es aux mus\u00e9es.\u2076<\/p>\n<p>Avec ces tr\u00e9sors mis en avant, c\u2019est aussi un savoir-faire qui est soulign\u00e9 \u00ab\u00a0<em>Chez Herm\u00e8s, nous avions commenc\u00e9 \u00e0 filmer les artisans qui partaient \u00e0 la retraite, pour qu\u2019ils racontent leurs souvenirs. Les archives sont des capsules du temps<\/em>\u00a0\u00bb, explique C\u00f4me R\u00e9my.\u00b2<\/p>\n<p>&nbsp;<\/p>\n<h2 class=\"bpost\">Quels moyens sont mis en \u0153uvre pour sauvegarder ce patrimoine ?<\/h2>\n<p>De m\u00eame que les maisons de mode se sont dot\u00e9es d\u2019un service de vente ces derni\u00e8res ann\u00e9es, les principales griffes ont toutes d\u00e9sormais un service de patrimoine, rachetant sur le march\u00e9 leurs propres archives.\u2077<\/p>\n<p>Le service des archives est charg\u00e9 de trouver les pi\u00e8ces et documents ayant trait \u00e0 l\u2019histoire de la marque, de les r\u00e9pertorier en vue de leur num\u00e9risation, et\/ou de restauration si besoin,\u00a0en pr\u00e9server la conservation et, si possible, remonter le fil de leur histoire. \u00ab\u00a0<em>Notre premi\u00e8re fonction est de reconstituer les collections au maximum, qu\u2019il s\u2019agisse de Haute Couture, de pr\u00eat-\u00e0-porter ou d\u2019accessoires. En priorit\u00e9 bien s\u00fbr les cr\u00e9ations de Monsieur Dior. Nous rachetons \u00e9norm\u00e9ment de v\u00eatements, d\u2019accessoires et de documents. Il y a diff\u00e9rents canaux pour nos acquisitions, notamment les salles des ventes. Nous sommes en liaison continue avec les plus grands experts \u00e0 travers le monde. D\u00e9sormais, des particuliers nous contactent \u00e9galement directement pour nous proposer v\u00eatements et accessoires<\/em>\u00a0\u00bb, explique\u00a0Soizic Pfaff, l\u2019ex-directrice de Dior Heritage.\u00b9<\/p>\n<p>&nbsp;<\/p>\n<h2 class=\"bpost\" style=\"margin-bottom: 0px!important;\">Sauvegarder ces pr\u00e9cieuses archives en les num\u00e9risant<\/h2>\n<p><img decoding=\"async\" class=\"wp-image-2637 alignright lazyloaded\" style=\"margin-left: 30px; margin-top: 25px;\" src=\"\/wp-content\/uploads\/2024\/03\/heritage-digitisation-stages.jpg\" alt=\"The Complete Process of the Stages When Digitising Heritage\" width=\"375\" height=\"249\" data-src=\"\/wp-content\/uploads\/2024\/03\/heritage-digitisation-stages.jpg\" \/><\/p>\n<p>En plus de pr\u00e9server cet h\u00e9ritage, la num\u00e9ration facilite la gestion des documents historiques. Elle simplifie l\u2019acc\u00e8s aux informations, acc\u00e9l\u00e9rant le processus de recherche et de r\u00e9cup\u00e9ration. Les \u00e9quipes dispers\u00e9es g\u00e9ographiquement peuvent ainsi collaborer plus facilement.<\/p>\n<p>La num\u00e9risation contribue \u00e0 renforcer la s\u00e9curit\u00e9 des archives en mettant en place des sauvegardes et des mesures de protection num\u00e9rique.<\/p>\n<p><a href=\"http:\/\/www.tribvn.com\/index.html\">TRIBVN Imaging<\/a> accompagne les maisons de luxe pour num\u00e9riser les documents iconographiques (tirages photographiques, esquisses, croquis, tissus, patrons, registres)<\/p>\n<p>Nous avons r\u00e9cemment collabor\u00e9 avec la marque embl\u00e9matique\u00a0<a href=\"https:\/\/www.kenzo.com\/fr-fr\/accueil\">KENZO<\/a>\u00a0afin de num\u00e9riser leurs archives :<\/p>\n<ul>\n<li>num\u00e9risation compl\u00e8te des publicit\u00e9s sur le lieu de vente, des revues de presse, des imprim\u00e9s, des invitations et autres, des ann\u00e9es 70 \u00e0 nos jours.<\/li>\n<\/ul>\n<ul>\n<li>4000 vues captur\u00e9es gr\u00e2ce \u00e0 la num\u00e9risation de documents en 2D et en 3D\u00a0gr\u00e2ce \u00e0 la num\u00e9risation de documents plans et de prises de vue packshot pour pouvoir appr\u00e9cier les objets dans leur enti\u00e8ret\u00e9<\/li>\n<\/ul>\n<ul>\n<li>num\u00e9risation de 12 000 croquis<\/li>\n<\/ul>\n<p>Dot\u00e9 d\u2019un savoir-faire en conservation, nous pouvons \u00e9galement manipuler des documents d\u00e9licats atteints par le syndrome du vinaigre et assurer leur identification, reconditionnement et num\u00e9risation.<\/p>\n<p>&nbsp;<\/p>\n<h2 class=\"bpost\" style=\"margin-bottom: 0px!important;\">Les \u00e9tapes de la num\u00e9risation<\/h2>\n<p><img decoding=\"async\" class=\"wp-image-2637 alignright lazyloaded\" style=\"margin-left: 30px; margin-top: 25px;\" src=\"\/wp-content\/uploads\/2024\/03\/dior-heritage.jpg\" alt=\"\" width=\"375\" height=\"249\" data-src=\"\/wp-content\/uploads\/2024\/03\/dior-heritage.jpg\" \/><\/p>\n<p>Parce que nous avons conscience de la valeur des documents que vous nous confiez, la prise en charge et la num\u00e9risation de vos archives suivent des process rigoureux.<\/p>\n<ol>\n<li>Conseils, strat\u00e9gies<\/li>\n<p>Avant d\u2019entamer le processus de num\u00e9risation de vos archives, TRIBVN Imaging vous conseille afin de vous orienter dans la strat\u00e9gie de num\u00e9risation de vos fonds patrimoniaux et \u00e0 l\u2019organisation id\u00e9ale des documents num\u00e9riques.\n<\/ol>\n<ol start=\"2\">\n<li>Transferts des documents<\/li>\n<p>Notre personnel qualifi\u00e9 s\u2019occupe ensuite de transf\u00e9rer votre stock d\u2019archives jusqu\u2019\u00e0 notre centre de num\u00e9risation. Nous assurons une\u00a0s\u00e9curit\u00e9 et une tra\u00e7abilit\u00e9 compl\u00e8te des transports.\n<\/ol>\n<ol start=\"3\">\n<li>Pr\u00e9paration des documents<\/li>\n<p>Cette activit\u00e9 implique le reconditionnement des documents originaux afin d\u2019optimiser leur conservation dans le temps : pochettes non acides, bo\u00eetes en carton sans acide\u2026<br \/>\nL\u2019identification des documents est effectu\u00e9e de plusieurs mani\u00e8res selon les contraintes op\u00e9rationnelles (saisie d\u2019une cote au crayon, collage d\u2019\u00e9tiquettes QRCODE sur les pochettes)\n<\/ol>\n<ol start=\"4\">\n<li>Num\u00e9risation<\/li>\n<p>TRIBVN Imaging propose des prestations de d\u00e9mat\u00e9rialisation pour tous types de documents :<br \/>\n(Phototypes, supports d\u00e9grad\u00e9s, dessins, manuscrits &amp; documents reli\u00e9s). Nous proposons \u00e9galement de la num\u00e9risation et mod\u00e9lisation 3D photogramm\u00e9trique d\u2019objets provenant majoritairement des domaines de l\u2019arch\u00e9ologie\u2026\n<\/ol>\n<ol start=\"5\">\n<li>Post-traitement<\/li>\n<p>Il s\u2019agit d\u2019une intervention num\u00e9rique sur les documents : contr\u00f4le qualit\u00e9 image par\u00a0image, recadrage des \u00e9l\u00e9ments num\u00e9ris\u00e9s, traitement d\u2019inversion des n\u00e9gatifs, nettoyage num\u00e9rique (poussi\u00e8res uniquement\u2026)\n<\/ol>\n<ol start=\"6\">\n<li>Mise \u00e0 disposition<\/li>\n<p>Mise \u00e0 disposition des assets num\u00e9riques, sur la plateforme de votre choix. Directement par transfert sur vos DAM, serveurs ou autre support de stockage.\n<\/ol>\n<ol start=\"7\">\n<li>Num\u00e9risation sur site<\/li>\n<p>Nous pouvons num\u00e9riser sur place, si vos locaux le permettent.<br \/>\nNous mettons \u00e9galement en place des bases de donn\u00e9es pour la r\u00e9alisation de l\u2019inventaire des collections.\n<\/ol>\n<p>Dior, Louis Vuitton, Givenchy, Chanel, Chlo\u00e9, Jean-Paul Gaultier, Kenzo, <a href=\"https:\/\/www.thememorist.com\/fr\/contactez-nous\/\" rel=\"noopener\" target=\"_blank\">nous ont fait confiance<\/a>.<\/p>\n<p>&nbsp;<\/p>\n<p>&#8212;&#8212;&#8212;&#8212;&#8212;&#8212;&#8212;&#8212;&#8212;&#8212;&#8212;<\/p>\n<p>\u00b9 Maud Gabrielson. Les tisseurs d\u2019histoire, quand la mode soigne ses archives.\u00a0<a href=\"https:\/\/www.lemonde.fr\/m-styles\/article\/2021\/11\/29\/les-tisseurs-d-histoire-quand-la-mode-soigne-ses-archives_6104069_4497319.html\">https:\/\/www.lemonde.fr\/m-styles\/article\/2021\/11\/29\/les-tisseurs-d-histoire-quand-la-mode-soigne-ses-archives_6104069_4497319.html<\/a>\u00a0Le Monde. 29 novembre 2021<\/p>\n<p>\u00b2 Tanissia Issad. Les archives mode sont-elles devenues un business ?\u00a0<a href=\"https:\/\/fr.fashionnetwork.com\/news\/Les-archives-mode-sont-elles-devenues-un-business-,963582.html\">https:\/\/fr.fashionnetwork.com\/news\/Les-archives-mode-sont-elles-devenues-un-business-,963582.html<\/a>\u00a0Fashion Network. 4 avril 2018<\/p>\n<p>\u00b3 Sophie Kurkdjian. Cultures et histoires de mode.\u00a0<a href=\"https:\/\/histoiredemode.hypotheses.org\/2567\">https:\/\/histoiredemode.hypotheses.org\/2567<\/a>\u00a0Hypoth\u00e8ses. 2015<\/p>\n<p>\u2074 UNESCO. D\u00e9claration universelle des archives. 2011<\/p>\n<p>\u2075 Fr\u00e9d\u00e9ric Martin-Bernard. Comment la mode cultive son pass\u00e9 ?\u00a0<a href=\"https:\/\/www.lesechos.fr\/weekend\/mode-beaute\/comment-la-mode-cultive-son-passe-1241417\">https:\/\/www.lesechos.fr\/weekend\/mode-beaute\/comment-la-mode-cultive-son-passe-1241417\u00a0<\/a>Les \u00c9chos, 11 sept. 2020<\/p>\n<p>\u2076 Communiqu\u00e9 de presse \u2013 Remise du rapport d\u2019Olivier Saillard sur le patrimoine et la mode\u00a0<a href=\"https:\/\/www.culture.gouv.fr\/Presse\/Archives-Presse\/Archives-Communiques-de-presse-2012-2018\/Annee-2017\/Remise-du-rapport-d-Olivier-Saillard-sur-le-patrimoine-et-la-mode\">https:\/\/www.culture.gouv.fr\/Presse\/Archives-Presse\/Archives-Communiques-de-presse-2012-2018\/Annee-2017\/Remise-du-rapport-d-Olivier-Saillard-sur-le-patrimoine-et-la-mode<\/a>\u00a0Minist\u00e8re de la culture. 28 avril 2017<\/p>\n<p>\u2077 Dominique Muret. Luxe : Pourquoi les archives de mode se vendent autant en ces temps de <span style=\"white-space: nowrap;\">Covid ?<\/span>\u00a0<a href=\"https:\/\/fr.fashionnetwork.com\/news\/Luxe-pourquoi-les-archives-de-mode-se-vendent-autant-en-ces-temps-de-covid,1282024.html\">https:\/\/fr.fashionnetwork.com\/news\/Luxe-pourquoi-les-archives-de-mode-se-vendent-autant-en-ces-temps-de-covid,1282024.html<\/a>\u00a0Fashion Network. 24 f\u00e9vrier 2021<\/p>\n","protected":false},"excerpt":{"rendered":"<p>Ce n\u2019est que r\u00e9cemment que les couturiers et cr\u00e9ateurs ont compris l\u2019int\u00e9r\u00eat de sauvegarder leurs archives. Dior H\u00e9ritage, les services des archives de la\u00a0Maison Dior, \u00e0 titre d\u2019exemple, n\u2019existe que depuis 1987. Ce d\u00e9partement a \u00e9t\u00e9 cr\u00e9\u00e9 \u00e0 la suite d\u2019une exposition organis\u00e9e pour les 40 ans de Dior au\u00a0Mus\u00e9e des Arts D\u00e9coratifs. Ce changement &hellip; <a href=\"https:\/\/staging.mobilitas.org\/fr\/news\/archives-maisons-haute-couture\/\">Continuer<\/a><\/p>\n","protected":false},"author":16,"featured_media":8893,"comment_status":"closed","ping_status":"closed","sticky":false,"template":"","format":"standard","meta":{"footnotes":"","wds_primary_category":0},"categories":[26],"tags":[],"acf":[],"_links":{"self":[{"href":"https:\/\/staging.mobilitas.org\/fr\/wp-json\/wp\/v2\/posts\/8911"}],"collection":[{"href":"https:\/\/staging.mobilitas.org\/fr\/wp-json\/wp\/v2\/posts"}],"about":[{"href":"https:\/\/staging.mobilitas.org\/fr\/wp-json\/wp\/v2\/types\/post"}],"author":[{"embeddable":true,"href":"https:\/\/staging.mobilitas.org\/fr\/wp-json\/wp\/v2\/users\/16"}],"replies":[{"embeddable":true,"href":"https:\/\/staging.mobilitas.org\/fr\/wp-json\/wp\/v2\/comments?post=8911"}],"version-history":[{"count":7,"href":"https:\/\/staging.mobilitas.org\/fr\/wp-json\/wp\/v2\/posts\/8911\/revisions"}],"predecessor-version":[{"id":8943,"href":"https:\/\/staging.mobilitas.org\/fr\/wp-json\/wp\/v2\/posts\/8911\/revisions\/8943"}],"wp:featuredmedia":[{"embeddable":true,"href":"https:\/\/staging.mobilitas.org\/fr\/wp-json\/wp\/v2\/media\/8893"}],"wp:attachment":[{"href":"https:\/\/staging.mobilitas.org\/fr\/wp-json\/wp\/v2\/media?parent=8911"}],"wp:term":[{"taxonomy":"category","embeddable":true,"href":"https:\/\/staging.mobilitas.org\/fr\/wp-json\/wp\/v2\/categories?post=8911"},{"taxonomy":"post_tag","embeddable":true,"href":"https:\/\/staging.mobilitas.org\/fr\/wp-json\/wp\/v2\/tags?post=8911"}],"curies":[{"name":"wp","href":"https:\/\/api.w.org\/{rel}","templated":true}]}}