{"id":8723,"date":"2023-10-31T13:53:52","date_gmt":"2023-10-31T12:53:52","guid":{"rendered":"https:\/\/staging.mobilitas.org\/news\/round-table-luxury-industry\/"},"modified":"2024-04-03T15:29:20","modified_gmt":"2024-04-03T13:29:20","slug":"table-ronde-industrie-luxe","status":"publish","type":"post","link":"https:\/\/staging.mobilitas.org\/fr\/news\/table-ronde-industrie-luxe\/","title":{"rendered":"MEMORIST Anime une Table Ronde sur la Valorisation du Patrimoine des Entreprises du Secteur du Luxe"},"content":{"rendered":"<p>Parmi les participants figuraient Pascal Riu, directeur g\u00e9n\u00e9ral adjoint de l\u2019AROP, Laurent Ona\u00efnty, directeur g\u00e9n\u00e9ral de MEMORIST, B\u00e9n\u00e9dicte Epinay, d\u00e9l\u00e9gu\u00e9e g\u00e9n\u00e9rale du Comit\u00e9 Colbert, Arnaud Leblin, directeur des affaires institutionnelles et du patrimoine au sein du Groupe Ritz, Caroline Radenac, responsable du patrimoine chez Christofle, Fabienne Moreau, directrice du patrimoine et de l\u2019action culturelle chez Hennessy (LVMH), et Martine Depresle, directrice g\u00e9n\u00e9rale de la fondation The Watch Library.<\/p>\n<p>&nbsp;<br \/>\n&nbsp;<br \/>\n&nbsp;<br \/>\n&nbsp;<br \/>\n&nbsp;<br \/>\nAu cours de cette rencontre, diff\u00e9rentes th\u00e9matiques cruciales ont \u00e9t\u00e9 abord\u00e9es, offrant un \u00e9clairage pr\u00e9cieux sur les enjeux actuels et futurs de la\u00a0<a href=\"https:\/\/staging.thememorist.com\/fr\/patrimoine-en-partage\/\">promotion du patrimoine<\/a>\u00a0des entreprises travaillant dans le secteur du \u00a0luxe.<\/p>\n<p>&nbsp;<\/p>\n<h2 class=\"bpost\">Fa\u00e7onner l\u2019identit\u00e9 en promouvant le patrimoine<\/h2>\n<p>Les participants ont soulign\u00e9 l\u2019importance de la transmission des savoir-faire traditionnels, la n\u00e9cessit\u00e9 d\u2019int\u00e9grer les nouvelles technologies dans la pr\u00e9servation du patrimoine et le r\u00f4le crucial du patrimoine dans la construction de l\u2019identit\u00e9 et des valeurs des maisons de luxe.<\/p>\n<p>&nbsp;<\/p>\n<h2 class=\"bpost\">Renforcer la collaboration pour l\u2019enrichissement culturel<\/h2>\n<p>Cette table ronde a permis d\u2019\u00e9changer des id\u00e9es innovantes et de renforcer la collaboration entre les diff\u00e9rents acteurs du secteur. MEMORIST s\u2019affirme ainsi comme un partenaire essentiel dans la pr\u00e9servation et la valorisation du patrimoine, contribuant \u00e0 la p\u00e9rennit\u00e9 et \u00e0 la richesse culturelle de l\u2019industrie du luxe.<\/p>\n<p>Vous vous demandez comment promouvoir efficacement le patrimoine dans votre secteur ?\u00a0<a href=\"https:\/\/staging.thememorist.com\/fr\/contactez-nous\/\">Contactez MEMORIST d\u00e8s aujourd\u2019hui<\/a>.<\/p>\n","protected":false},"excerpt":{"rendered":"<p>Parmi les participants figuraient Pascal Riu, directeur g\u00e9n\u00e9ral adjoint de l\u2019AROP, Laurent Ona\u00efnty, directeur g\u00e9n\u00e9ral de MEMORIST, B\u00e9n\u00e9dicte Epinay, d\u00e9l\u00e9gu\u00e9e g\u00e9n\u00e9rale du Comit\u00e9 Colbert, Arnaud Leblin, directeur des affaires institutionnelles et du patrimoine au sein du Groupe Ritz, Caroline Radenac, responsable du patrimoine chez Christofle, Fabienne Moreau, directrice du patrimoine et de l\u2019action culturelle chez &hellip; <a href=\"https:\/\/staging.mobilitas.org\/fr\/news\/table-ronde-industrie-luxe\/\">Continuer<\/a><\/p>\n","protected":false},"author":16,"featured_media":8719,"comment_status":"closed","ping_status":"closed","sticky":false,"template":"","format":"standard","meta":{"footnotes":"","wds_primary_category":0},"categories":[26],"tags":[],"acf":[],"_links":{"self":[{"href":"https:\/\/staging.mobilitas.org\/fr\/wp-json\/wp\/v2\/posts\/8723"}],"collection":[{"href":"https:\/\/staging.mobilitas.org\/fr\/wp-json\/wp\/v2\/posts"}],"about":[{"href":"https:\/\/staging.mobilitas.org\/fr\/wp-json\/wp\/v2\/types\/post"}],"author":[{"embeddable":true,"href":"https:\/\/staging.mobilitas.org\/fr\/wp-json\/wp\/v2\/users\/16"}],"replies":[{"embeddable":true,"href":"https:\/\/staging.mobilitas.org\/fr\/wp-json\/wp\/v2\/comments?post=8723"}],"version-history":[{"count":7,"href":"https:\/\/staging.mobilitas.org\/fr\/wp-json\/wp\/v2\/posts\/8723\/revisions"}],"predecessor-version":[{"id":8734,"href":"https:\/\/staging.mobilitas.org\/fr\/wp-json\/wp\/v2\/posts\/8723\/revisions\/8734"}],"wp:featuredmedia":[{"embeddable":true,"href":"https:\/\/staging.mobilitas.org\/fr\/wp-json\/wp\/v2\/media\/8719"}],"wp:attachment":[{"href":"https:\/\/staging.mobilitas.org\/fr\/wp-json\/wp\/v2\/media?parent=8723"}],"wp:term":[{"taxonomy":"category","embeddable":true,"href":"https:\/\/staging.mobilitas.org\/fr\/wp-json\/wp\/v2\/categories?post=8723"},{"taxonomy":"post_tag","embeddable":true,"href":"https:\/\/staging.mobilitas.org\/fr\/wp-json\/wp\/v2\/tags?post=8723"}],"curies":[{"name":"wp","href":"https:\/\/api.w.org\/{rel}","templated":true}]}}